{"id":7194,"date":"2026-08-21T14:30:35","date_gmt":"2026-08-21T12:30:35","guid":{"rendered":"https:\/\/www.pocapots.es\/2026\/08\/21\/calendrier-evenements-entreprise-barcelone\/"},"modified":"2026-08-21T14:30:35","modified_gmt":"2026-08-21T12:30:35","slug":"calendario-eventos-empresa-barcelona","status":"publish","type":"post","link":"https:\/\/www.pocapots.es\/es\/2026\/08\/21\/calendrier-evenements-entreprise-barcelone\/","title":{"rendered":"El calendario de la temporada de eventos en Barcelona, 2026-2027"},"content":{"rendered":"<p class=\"lead\"><strong>En Barcelona, la temporada de eventos no se juega el d\u00eda del evento: se juega tres meses antes.<\/strong> Una cena de diciembre se reserva en septiembre, un contrato de ch\u00e1rter se firma en el sal\u00f3n n\u00e1utico de octubre para la temporada siguiente, y una galette de equipo se pide el 10 de diciembre. Estas son las fechas que estructuran el a\u00f1o, y el momento de ocuparse de ellas.<\/p>\n\n<p>Somos catering franc\u00e9s en Barcelona desde 2017. Este es el calendario que seguimos para organizar nuestra producci\u00f3n \u2014 lo publicamos porque es m\u00e1s \u00fatil abierto que guardado en un caj\u00f3n.<\/p>\n\n<h2>Oto\u00f1o: de septiembre a diciembre<\/h2>\n\n<p>Es la temporada m\u00e1s densa del a\u00f1o barcelon\u00e9s, y en la que antes se agota el hueco.<\/p>\n\n<ul>\n<li><strong>Principios de septiembre \u2014 la vuelta al trabajo.<\/strong> Vuelta de vacaciones, llegada de nuevas incorporaciones, kick-off de temporada. El desayuno de acogida es el formato m\u00e1s barato para volver a abrir la puerta. <em>A cerrar a finales de agosto.<\/em><\/li>\n<li><strong>11 de septiembre \u2014 la Diada.<\/strong> Festivo en Catalu\u00f1a. No es una oportunidad comercial, es un hueco en el calendario de entregas que hay que anticipar.<\/li>\n<li><strong>Del 20 al 24 de septiembre \u2014 La Merc\u00e8.<\/strong> La gran fiesta de Barcelona. Muchas empresas colocan su evento de clientes en esa semana.<\/li>\n<li><strong>Del 6 al 8 de octubre \u2014 Alimentaria FoodTech.<\/strong> La primera feria de la temporada en la Fira.<\/li>\n<li><strong>Del 14 al 18 de octubre \u2014 Sal\u00f3 N\u00e0utic, Port Vell.<\/strong> El sal\u00f3n n\u00e1utico, con m\u00e1s espacio para las grandes unidades este a\u00f1o. Aqu\u00ed es donde las empresas de alquiler cierran su temporada siguiente.<\/li>\n<li><strong>31 de octubre y 1 de noviembre \u2014 Castanyada y Tots Sants.<\/strong> Casta\u00f1as, boniatos y panellets. Fiesta familiar, pero muy presente en las oficinas catalanas.<\/li>\n<li><strong>Del 2 al 5 de noviembre \u2014 Gastronomic Forum y Smart City Expo.<\/strong> Dos ferias importantes una tras otra.<\/li>\n<li><strong>Del 17 al 19 de noviembre \u2014 IBTM World.<\/strong> La feria mundial de los organizadores de eventos, en Barcelona.<\/li>\n<li><strong>19 de noviembre \u2014 el beaujolais nouveau.<\/strong> El tercer jueves de noviembre. Casi sin explotar en Barcelona, pese a que la comunidad francesa aqu\u00ed es numerosa.<\/li>\n<li><strong>Primera quincena de diciembre \u2014 las cenas de fin de a\u00f1o.<\/strong> El pico absoluto. A esas alturas ya no decide el men\u00fa, decide la fecha que a\u00fan queda libre.<\/li>\n<\/ul>\n\n<p><strong>La regla del oto\u00f1o:<\/strong> todo lo que ocurre en diciembre se reserva en septiembre u octubre. El men\u00fa se cambia en 48 horas, la fecha no se recupera. Si vuestro equipo es flexible, una cena en la primera quincena de diciembre \u2014 o incluso en enero \u2014 os deja mucha m\u00e1s elecci\u00f3n, y suele estar mejor concurrida que una fecha encajada entre dos salidas de vacaciones.<\/p>\n\n<h2>Invierno: de enero a marzo<\/h2>\n\n<p>Temporada tranquila en apariencia, pero la que ofrece las ocasiones m\u00e1s f\u00e1ciles.<\/p>\n\n<ul>\n<li><strong>5 y 6 de enero \u2014 Reyes.<\/strong> El rosc\u00f3n de reyes es una instituci\u00f3n catalana. Del lado franc\u00e9s, la galette des rois se come durante todo enero, lo que la convierte en la excusa de reuni\u00f3n de equipo m\u00e1s c\u00f3moda del a\u00f1o.<\/li>\n<li><strong>De enero a marzo \u2014 la temporada de los cal\u00e7ots.<\/strong> La cal\u00e7otada sigue siendo el team building catal\u00e1n por excelencia.<\/li>\n<li><strong>2 de febrero \u2014 la Chandeleur.<\/strong> Crepes en la oficina: presupuesto peque\u00f1o, efecto inmediato y reconocido al instante como franc\u00e9s.<\/li>\n<li><strong>Febrero \u2014 se reanudan los seminarios.<\/strong> El primer pico real del a\u00f1o, antes de Semana Santa.<\/li>\n<li><strong>8 de marzo \u2014 D\u00eda Internacional de la Mujer.<\/strong> Cada vez m\u00e1s empresas organizan un momento interno ese d\u00eda.<\/li>\n<li><strong>Del 26 al 29 de marzo de 2027 \u2014 Semana Santa.<\/strong> Semana floja para las empresas, pico para particulares y villas alquiladas.<\/li>\n<\/ul>\n\n<h2>Primavera: de abril a junio<\/h2>\n\n<ul>\n<li><strong>23 de abril \u2014 Sant Jordi.<\/strong> El libro y la rosa. Muchas empresas catalanas ofrecen un momento a sus equipos ese d\u00eda; es una de las fechas m\u00e1s consensuadas del a\u00f1o.<\/li>\n<li><strong>Abril \u2014 se abre la temporada de ch\u00e1rter.<\/strong> Las primeras salidas al mar y los primeros aperitivos a bordo.<\/li>\n<li><strong>2 de mayo de 2027 \u2014 D\u00eda de la Madre.<\/strong> El primer domingo de mayo en Espa\u00f1a.<\/li>\n<li><strong>30 de mayo de 2027 \u2014 el D\u00eda de la Madre franc\u00e9s.<\/strong> Cuatro semanas despu\u00e9s. La comunidad francesa de Barcelona lo celebra en su fecha, no en la del pa\u00eds de acogida: son dos ocasiones distintas, no una.<\/li>\n<li><strong>Mayo \u2014 los incentivos.<\/strong> El pico de seminarios y team buildings antes del verano.<\/li>\n<li><strong>23 y 24 de junio \u2014 la Revetlla de Sant Joan.<\/strong> La noche m\u00e1s celebrada del a\u00f1o en Barcelona: hogueras, coca de Sant Joan, cava y playa.<\/li>\n<li><strong>Junio \u2014 cierres y despedidas.<\/strong> Fin del curso escolar y a menudo del ejercicio: los equipos se separan para el verano.<\/li>\n<\/ul>\n\n<h2>Verano: julio y agosto<\/h2>\n\n<p>La mezcla se invierte por completo. Las oficinas se vac\u00edan, los barcos y las villas se llenan.<\/p>\n\n<ul>\n<li><strong>14 de julio.<\/strong> La comunidad francesa y las instituciones instaladas en Barcelona marcan la fecha.<\/li>\n<li><strong>Julio y agosto \u2014 plena temporada n\u00e1utica.<\/strong> Las peticiones llegan con 48 horas de margen, y los fines de semana se van primero.<\/li>\n<li><strong>\u00daltima semana de agosto \u2014 la preparaci\u00f3n de la vuelta.<\/strong> El ciclo vuelve a empezar.<\/li>\n<\/ul>\n\n<h2>Los cinco desfases que m\u00e1s se les escapan a las empresas<\/h2>\n\n<p>No son las grandes fechas las que dan problemas, son los desfases entre las dos culturas que conviven aqu\u00ed.<\/p>\n\n<ol>\n<li><strong>El D\u00eda de la Madre cae dos veces<\/strong>, con cuatro semanas de diferencia. Un equipo mixto franco-espa\u00f1ol vive las dos.<\/li>\n<li><strong>La Epifan\u00eda no dura lo mismo.<\/strong> Un d\u00eda del lado catal\u00e1n, un mes entero del lado franc\u00e9s.<\/li>\n<li><strong>Agosto est\u00e1 realmente muerto en B2B<\/strong> en Barcelona, mucho m\u00e1s que en Francia. Lo que no est\u00e9 cerrado a finales de julio esperar\u00e1 a septiembre.<\/li>\n<li><strong>La Semana Santa se mueve cada a\u00f1o<\/strong> y se lleva una semana entera con ella. En 2027 cae a finales de marzo, una semana antes que en 2026.<\/li>\n<li><strong>Los puentes catalanes no son los franceses.<\/strong> La Diada, La Merc\u00e8 y Sant Joan no figuran en ning\u00fan calendario de sede parisina.<\/li>\n<\/ol>\n\n<h2>Con cu\u00e1nta antelaci\u00f3n moverse<\/h2>\n\n<table>\n<thead><tr><th>Lo que organiz\u00e1is<\/th><th>Cu\u00e1ndo moverse<\/th><\/tr><\/thead>\n<tbody>\n<tr><td>Fiesta de fin de a\u00f1o<\/td><td>Septiembre u octubre<\/td><\/tr>\n<tr><td>Catering de stand en una feria<\/td><td>De una a dos semanas, antes para la log\u00edstica de acceso<\/td><\/tr>\n<tr><td>Seminario o convenci\u00f3n de varios d\u00edas<\/td><td>Un mes<\/td><\/tr>\n<tr><td>Desayuno o pausa caf\u00e9<\/td><td>48 horas<\/td><\/tr>\n<tr><td>Salida en barco con catering<\/td><td>48 horas<\/td><\/tr>\n<tr><td>Aprovisionamiento para una navegaci\u00f3n<\/td><td>Dos semanas, el tiempo de construir el plan de comidas<\/td><\/tr>\n<\/tbody>\n<\/table>\n\n<p>En todos los casos, un presupuesto sale de nuestra oficina en 48 horas laborables. Lo que lleva tiempo nunca es el c\u00e1lculo: es encontrar una fecha que siga libre.<\/p>\n\n<h2>Para ir m\u00e1s lejos<\/h2>\n\n<p>Seg\u00fan lo que prepar\u00e9is: el <a href=\"https:\/\/www.pocapots.es\/es\/servicio-de-catering-empresa-barcelona\/\">catering de empresa<\/a> para seminarios y c\u00f3cteles de negocios, la <a href=\"https:\/\/www.pocapots.es\/es\/cena-de-empresa-navidad-barcelona\/\">cena de fin de a\u00f1o<\/a>, el <a href=\"https:\/\/www.pocapots.es\/es\/desayunos-de-empresa-barcelona\/\">desayuno de empresa<\/a> para abrir una jornada, el <a href=\"https:\/\/www.pocapots.es\/es\/catering-externo-fira-barcelona\/\">catering externo en Fira Barcelona<\/a> para la temporada de ferias, y el <a href=\"https:\/\/www.pocapots.es\/es\/catering-para-yates-barcelona\/\">yachting<\/a> para todo lo que flota.<\/p>\n\n<p><em>Fechas de ferias comprobadas en el calendario oficial de Fira Barcelona en julio de 2026; fiestas m\u00f3viles calculadas para 2026 y 2027. Los programas cambian: comprobad siempre con el organizador antes de comprometer un presupuesto.<\/em><\/p>","protected":false},"excerpt":{"rendered":"<p>\u00c0 Barcelone, la saison \u00e9v\u00e9nementielle ne se joue pas au moment de l&rsquo;\u00e9v\u00e9nement : elle se joue trois mois avant. Une soir\u00e9e de d\u00e9cembre se r\u00e9serve en septembre, un contrat charter se signe au salon nautique d&rsquo;octobre pour la saison suivante, et une galette d&rsquo;\u00e9quipe se commande le 10 d\u00e9cembre. Voici les dates qui structurent [&#8230;]\n","protected":false},"author":39,"featured_media":7117,"comment_status":"","ping_status":"","sticky":false,"template":"","format":"standard","meta":{"rank_math_title":"Calendrier des \u00e9v\u00e9nements d'entreprise \u00e0 Barcelone 2026-2027","rank_math_description":"Salons de la Fira, f\u00eates catalanes et fran\u00e7aises, soir\u00e9es de fin d'ann\u00e9e : les dates qui structurent la saison \u00e9v\u00e9nementielle \u00e0 Barcelone et quand s'y prendre.","rank_math_focus_keyword":"","rank_math_robots":"","rank_math_canonical_url":"","rank_math_facebook_title":"","rank_math_facebook_description":"","_joinchat":[],"footnotes":""},"categories":[289],"tags":[],"class_list":["post-7194","post","type-post","status-publish","format-standard","has-post-thumbnail","hentry","category-evenements-entreprise"],"_links":{"self":[{"href":"https:\/\/www.pocapots.es\/es\/wp-json\/wp\/v2\/posts\/7194","targetHints":{"allow":["GET"]}}],"collection":[{"href":"https:\/\/www.pocapots.es\/es\/wp-json\/wp\/v2\/posts"}],"about":[{"href":"https:\/\/www.pocapots.es\/es\/wp-json\/wp\/v2\/types\/post"}],"author":[{"embeddable":true,"href":"https:\/\/www.pocapots.es\/es\/wp-json\/wp\/v2\/users\/39"}],"replies":[{"embeddable":true,"href":"https:\/\/www.pocapots.es\/es\/wp-json\/wp\/v2\/comments?post=7194"}],"version-history":[{"count":0,"href":"https:\/\/www.pocapots.es\/es\/wp-json\/wp\/v2\/posts\/7194\/revisions"}],"wp:featuredmedia":[{"embeddable":true,"href":"https:\/\/www.pocapots.es\/es\/wp-json\/wp\/v2\/media\/7117"}],"wp:attachment":[{"href":"https:\/\/www.pocapots.es\/es\/wp-json\/wp\/v2\/media?parent=7194"}],"wp:term":[{"taxonomy":"category","embeddable":true,"href":"https:\/\/www.pocapots.es\/es\/wp-json\/wp\/v2\/categories?post=7194"},{"taxonomy":"post_tag","embeddable":true,"href":"https:\/\/www.pocapots.es\/es\/wp-json\/wp\/v2\/tags?post=7194"}],"curies":[{"name":"wp","href":"https:\/\/api.w.org\/{rel}","templated":true}]}}