{"id":7194,"date":"2026-08-21T14:30:35","date_gmt":"2026-08-21T12:30:35","guid":{"rendered":"https:\/\/www.pocapots.es\/2026\/08\/21\/calendrier-evenements-entreprise-barcelone\/"},"modified":"2026-08-21T14:30:35","modified_gmt":"2026-08-21T12:30:35","slug":"barcelona-corporate-events-calendar","status":"publish","type":"post","link":"https:\/\/www.pocapots.es\/en\/2026\/08\/21\/calendrier-evenements-entreprise-barcelone\/","title":{"rendered":"The Barcelona event season calendar, 2026-2027"},"content":{"rendered":"<p class=\"lead\"><strong>In Barcelona, the event season is not decided on the day of the event: it is decided three months earlier.<\/strong> A December party is booked in September, a charter contract is signed at the October boat show for the following season, and a team galette is ordered on 10 December. Here are the dates that shape the year, and when to deal with them.<\/p>\n\n<p>We have been French caterers in Barcelona since 2017. This is the calendar we follow to plan our own production \u2014 we publish it because it is more useful open than filed away in a drawer.<\/p>\n\n<h2>Autumn: September to December<\/h2>\n\n<p>It is the densest season of the Barcelona year, and the one where space runs out fastest.<\/p>\n\n<ul>\n<li><strong>Early September \u2014 back to work.<\/strong> Return from holidays, arrival of new joiners, season kick-off. The welcome breakfast is the cheapest format to reopen the door. <em>To be set up in late August.<\/em><\/li>\n<li><strong>11 September \u2014 the Diada.<\/strong> A public holiday in Catalonia. Not a commercial opportunity, but a gap in the delivery calendar to anticipate.<\/li>\n<li><strong>20 to 24 September \u2014 La Merc\u00e8.<\/strong> Barcelona's biggest festival. Many companies schedule their client event in that week.<\/li>\n<li><strong>6 to 8 October \u2014 Alimentaria FoodTech.<\/strong> The season's first trade show at the Fira.<\/li>\n<li><strong>14 to 18 October \u2014 Sal\u00f3 N\u00e0utic, Port Vell.<\/strong> The boat show, with more room given to large vessels this year. This is where charter companies set their next season.<\/li>\n<li><strong>31 October and 1 November \u2014 Castanyada and Tots Sants.<\/strong> Chestnuts, sweet potatoes and panellets. A family celebration, but very present in Catalan offices.<\/li>\n<li><strong>2 to 5 November \u2014 Gastronomic Forum and Smart City Expo.<\/strong> Two major trade shows back to back.<\/li>\n<li><strong>17 to 19 November \u2014 IBTM World.<\/strong> The world trade show for event organisers, in Barcelona.<\/li>\n<li><strong>19 November \u2014 Beaujolais nouveau.<\/strong> The third Thursday of November. Almost untapped in Barcelona, even though the French community here is large.<\/li>\n<li><strong>First half of December \u2014 the year-end parties.<\/strong> The absolute peak. By then it is no longer the menu that decides, it is whichever date is still free.<\/li>\n<\/ul>\n\n<p><strong>The autumn rule:<\/strong> anything happening in December is booked in September or October. The menu can be changed in 48 hours, the date cannot be caught up on. If your team is flexible, a party in the first half of December \u2014 or even in January \u2014 leaves you far more choice, and it is often better attended than a date squeezed between two holiday departures.<\/p>\n\n<h2>Winter: January to March<\/h2>\n\n<p>A quiet season in appearance, but the one offering the easiest occasions.<\/p>\n\n<ul>\n<li><strong>5 and 6 January \u2014 Reyes.<\/strong> The rosc\u00f3n de reyes is a Catalan institution. On the French side, the galette des rois is eaten throughout January, which makes it the most convenient team-gathering excuse of the year.<\/li>\n<li><strong>January to March \u2014 cal\u00e7ot season.<\/strong> The cal\u00e7otada remains the Catalan team building par excellence.<\/li>\n<li><strong>2 February \u2014 Chandeleur.<\/strong> Cr\u00eapes at the office: small budget, immediate effect, and instantly recognised as French.<\/li>\n<li><strong>February \u2014 seminars start again.<\/strong> The year's first real peak, before Easter.<\/li>\n<li><strong>8 March \u2014 International Women's Day.<\/strong> More and more companies organise an internal moment that day.<\/li>\n<li><strong>26 to 29 March 2027 \u2014 Easter and Semana Santa.<\/strong> A quiet week for companies, a peak for private clients and rented villas.<\/li>\n<\/ul>\n\n<h2>Spring: April to June<\/h2>\n\n<ul>\n<li><strong>23 April \u2014 Sant Jordi.<\/strong> The book and the rose. Many Catalan companies offer their teams a moment that day; it is one of the most consensual dates of the year.<\/li>\n<li><strong>April \u2014 the charter season opens.<\/strong> The first outings at sea and the first aperitifs on board.<\/li>\n<li><strong>2 May 2027 \u2014 D\u00eda de la Madre.<\/strong> The first Sunday of May in Spain.<\/li>\n<li><strong>30 May 2027 \u2014 French Mother's Day.<\/strong> Four weeks later. Barcelona's French community celebrates on its own date, not on the host country's: these are two distinct occasions, not one.<\/li>\n<li><strong>May \u2014 incentives.<\/strong> The peak of seminars and team buildings before the summer.<\/li>\n<li><strong>23 and 24 June \u2014 the Revetlla de Sant Joan.<\/strong> The most celebrated night of the Barcelona year: bonfires, coca de Sant Joan, cava, the beach.<\/li>\n<li><strong>June \u2014 sign-offs and farewell drinks.<\/strong> End of the school year and often of the financial year: teams part for the summer.<\/li>\n<\/ul>\n\n<h2>Summer: July and August<\/h2>\n\n<p>The mix flips completely. Offices empty, boats and villas fill up.<\/p>\n\n<ul>\n<li><strong>14 July.<\/strong> The French community and the institutions based in Barcelona mark the date.<\/li>\n<li><strong>July and August \u2014 peak nautical season.<\/strong> Requests come in at 48 hours' notice, and weekends go first.<\/li>\n<li><strong>Last week of August \u2014 preparing the new season.<\/strong> The cycle starts again.<\/li>\n<\/ul>\n\n<h2>The five mismatches companies get wrong most often<\/h2>\n\n<p>It is not the big dates that cause problems, it is the mismatches between the two cultures that live side by side here.<\/p>\n\n<ol>\n<li><strong>Mother's Day falls twice<\/strong>, four weeks apart. A mixed French-Spanish team lives through both.<\/li>\n<li><strong>Epiphany does not last the same time.<\/strong> One day on the Catalan side, a whole month on the French side.<\/li>\n<li><strong>August is genuinely dead for B2B<\/strong> in Barcelona, far more than in France. Anything not settled by late July will wait until September.<\/li>\n<li><strong>Semana Santa moves every year<\/strong> and takes a whole week with it. In 2027 it falls in late March, a week earlier than in 2026.<\/li>\n<li><strong>Catalan long weekends are not French ones.<\/strong> The Diada, La Merc\u00e8 and Sant Joan appear on no Paris head-office calendar.<\/li>\n<\/ol>\n\n<h2>How far in advance to act<\/h2>\n\n<table>\n<thead><tr><th>What you are organising<\/th><th>When to act<\/th><\/tr><\/thead>\n<tbody>\n<tr><td>Year-end party<\/td><td>September or October<\/td><\/tr>\n<tr><td>Stand catering at a trade show<\/td><td>One to two weeks, earlier for access logistics<\/td><\/tr>\n<tr><td>Multi-day seminar or convention<\/td><td>One month<\/td><\/tr>\n<tr><td>Breakfast or coffee break<\/td><td>48 hours<\/td><\/tr>\n<tr><td>Boat outing with catering<\/td><td>48 hours<\/td><\/tr>\n<tr><td>Provisioning for a passage<\/td><td>Two weeks, the time to build the meal plan<\/td><\/tr>\n<\/tbody>\n<\/table>\n\n<p>In every case, a quote leaves our office within 48 working hours. What takes time is never the pricing: it is finding a date that is still free.<\/p>\n\n<h2>Going further<\/h2>\n\n<p>Depending on what you are preparing: the <a href=\"https:\/\/www.pocapots.es\/en\/business-caterer-barcelona\/\">corporate caterer<\/a> for seminars and business cocktails, the <a href=\"https:\/\/www.pocapots.es\/en\/company-christmas-party-catering-barcelona\/\">year-end party<\/a>, the <a href=\"https:\/\/www.pocapots.es\/en\/corporate-breakfast-barcelona\/\">corporate breakfast<\/a> to open a day, the <a href=\"https:\/\/www.pocapots.es\/en\/external-catering-fira-barcelona\/\">external catering at Fira Barcelona<\/a> for the trade show season, and <a href=\"https:\/\/www.pocapots.es\/en\/yacht-catering-barcelona\/\">yachting<\/a> for everything that floats.<\/p>\n\n<p><em>Trade show dates checked against the official Fira Barcelona calendar in July 2026; movable feasts calculated for 2026 and 2027. Programmes change: always check with the organiser before committing a budget.<\/em><\/p>","protected":false},"excerpt":{"rendered":"<p>\u00c0 Barcelone, la saison \u00e9v\u00e9nementielle ne se joue pas au moment de l&rsquo;\u00e9v\u00e9nement : elle se joue trois mois avant. Une soir\u00e9e de d\u00e9cembre se r\u00e9serve en septembre, un contrat charter se signe au salon nautique d&rsquo;octobre pour la saison suivante, et une galette d&rsquo;\u00e9quipe se commande le 10 d\u00e9cembre. Voici les dates qui structurent [&#8230;]\n","protected":false},"author":39,"featured_media":7117,"comment_status":"","ping_status":"","sticky":false,"template":"","format":"standard","meta":{"rank_math_title":"Calendrier des \u00e9v\u00e9nements d'entreprise \u00e0 Barcelone 2026-2027","rank_math_description":"Salons de la Fira, f\u00eates catalanes et fran\u00e7aises, soir\u00e9es de fin d'ann\u00e9e : les dates qui structurent la saison \u00e9v\u00e9nementielle \u00e0 Barcelone et quand s'y prendre.","rank_math_focus_keyword":"","rank_math_robots":"","rank_math_canonical_url":"","rank_math_facebook_title":"","rank_math_facebook_description":"","_joinchat":[],"footnotes":""},"categories":[289],"tags":[],"class_list":["post-7194","post","type-post","status-publish","format-standard","has-post-thumbnail","hentry","category-evenements-entreprise"],"_links":{"self":[{"href":"https:\/\/www.pocapots.es\/en\/wp-json\/wp\/v2\/posts\/7194","targetHints":{"allow":["GET"]}}],"collection":[{"href":"https:\/\/www.pocapots.es\/en\/wp-json\/wp\/v2\/posts"}],"about":[{"href":"https:\/\/www.pocapots.es\/en\/wp-json\/wp\/v2\/types\/post"}],"author":[{"embeddable":true,"href":"https:\/\/www.pocapots.es\/en\/wp-json\/wp\/v2\/users\/39"}],"replies":[{"embeddable":true,"href":"https:\/\/www.pocapots.es\/en\/wp-json\/wp\/v2\/comments?post=7194"}],"version-history":[{"count":0,"href":"https:\/\/www.pocapots.es\/en\/wp-json\/wp\/v2\/posts\/7194\/revisions"}],"wp:featuredmedia":[{"embeddable":true,"href":"https:\/\/www.pocapots.es\/en\/wp-json\/wp\/v2\/media\/7117"}],"wp:attachment":[{"href":"https:\/\/www.pocapots.es\/en\/wp-json\/wp\/v2\/media?parent=7194"}],"wp:term":[{"taxonomy":"category","embeddable":true,"href":"https:\/\/www.pocapots.es\/en\/wp-json\/wp\/v2\/categories?post=7194"},{"taxonomy":"post_tag","embeddable":true,"href":"https:\/\/www.pocapots.es\/en\/wp-json\/wp\/v2\/tags?post=7194"}],"curies":[{"name":"wp","href":"https:\/\/api.w.org\/{rel}","templated":true}]}}