{"id":7194,"date":"2026-08-21T14:30:35","date_gmt":"2026-08-21T12:30:35","guid":{"rendered":"https:\/\/www.pocapots.es\/2026\/08\/21\/calendrier-evenements-entreprise-barcelone\/"},"modified":"2026-08-21T14:30:35","modified_gmt":"2026-08-21T12:30:35","slug":"calendari-esdeveniments-empresa-barcelona","status":"publish","type":"post","link":"https:\/\/www.pocapots.es\/ca\/2026\/08\/21\/calendrier-evenements-entreprise-barcelone\/","title":{"rendered":"El calendari de la temporada d'esdeveniments a Barcelona, 2026-2027"},"content":{"rendered":"<p class=\"lead\"><strong>A Barcelona, la temporada d'esdeveniments no es juga el dia de l'esdeveniment: es juga tres mesos abans.<\/strong> Un sopar de desembre es reserva al setembre, un contracte de x\u00e0rter se signa al sal\u00f3 n\u00e0utic d'octubre per a la temporada seg\u00fcent, i una galette d'equip es demana el 10 de desembre. Aquestes s\u00f3n les dates que estructuren l'any, i el moment d'ocupar-se'n.<\/p>\n\n<p>Som c\u00e0tering franc\u00e8s a Barcelona des del 2017. Aquest \u00e9s el calendari que seguim per organitzar la nostra producci\u00f3 \u2014 el publiquem perqu\u00e8 \u00e9s m\u00e9s \u00fatil obert que desat en un calaix.<\/p>\n\n<h2>Tardor: de setembre a desembre<\/h2>\n\n<p>\u00c9s la temporada m\u00e9s densa de l'any barcelon\u00ed, i en la qual abans s'esgota el forat.<\/p>\n\n<ul>\n<li><strong>Principis de setembre \u2014 la tornada a la feina.<\/strong> Tornada de vacances, arribada de noves incorporacions, kick-off de temporada. L'esmorzar d'acollida \u00e9s el format m\u00e9s barat per tornar a obrir la porta. <em>A tancar a finals d'agost.<\/em><\/li>\n<li><strong>11 de setembre \u2014 la Diada.<\/strong> Festiu a Catalunya. No \u00e9s una oportunitat comercial, \u00e9s un forat al calendari de lliuraments que cal anticipar.<\/li>\n<li><strong>Del 20 al 24 de setembre \u2014 La Merc\u00e8.<\/strong> La gran festa de Barcelona. Moltes empreses col\u00b7loquen el seu esdeveniment de clients en aquella setmana.<\/li>\n<li><strong>Del 6 al 8 d'octubre \u2014 Alimentaria FoodTech.<\/strong> La primera fira de la temporada a la Fira.<\/li>\n<li><strong>Del 14 al 18 d'octubre \u2014 Sal\u00f3 N\u00e0utic, Port Vell.<\/strong> El sal\u00f3 n\u00e0utic, amb m\u00e9s espai per a les grans unitats aquest any. Aqu\u00ed \u00e9s on les empreses de lloguer tanquen la temporada seg\u00fcent.<\/li>\n<li><strong>31 d'octubre i 1 de novembre \u2014 Castanyada i Tots Sants.<\/strong> Castanyes, moniatos i panellets. Festa familiar, per\u00f2 molt present a les oficines catalanes.<\/li>\n<li><strong>Del 2 al 5 de novembre \u2014 Gastronomic Forum i Smart City Expo.<\/strong> Dues fires importants una rere l'altra.<\/li>\n<li><strong>Del 17 al 19 de novembre \u2014 IBTM World.<\/strong> La fira mundial dels organitzadors d'esdeveniments, a Barcelona.<\/li>\n<li><strong>19 de novembre \u2014 el beaujolais nouveau.<\/strong> El tercer dijous de novembre. Gaireb\u00e9 sense explotar a Barcelona, tot i que la comunitat francesa aqu\u00ed \u00e9s nombrosa.<\/li>\n<li><strong>Primera quinzena de desembre \u2014 els sopars de fi d'any.<\/strong> El pic absolut. A aquestes altures ja no decideix el men\u00fa, decideix la data que encara queda lliure.<\/li>\n<\/ul>\n\n<p><strong>La regla de la tardor:<\/strong> tot el que passa al desembre es reserva al setembre o a l'octubre. El men\u00fa es canvia en 48 hores, la data no es recupera. Si el vostre equip \u00e9s flexible, un sopar la primera quinzena de desembre \u2014 o fins i tot al gener \u2014 us deixa molta m\u00e9s elecci\u00f3, i sol estar m\u00e9s concorregut que una data encaixada entre dues sortides de vacances.<\/p>\n\n<h2>Hivern: de gener a mar\u00e7<\/h2>\n\n<p>Temporada tranquil\u00b7la en aparen\u00e7a, per\u00f2 la que ofereix les ocasions m\u00e9s f\u00e0cils.<\/p>\n\n<ul>\n<li><strong>5 i 6 de gener \u2014 Reis.<\/strong> El tortell de reis \u00e9s una instituci\u00f3 catalana. Del costat franc\u00e8s, la galette des rois es menja durant tot el gener, cosa que la converteix en l'excusa de reuni\u00f3 d'equip m\u00e9s c\u00f2moda de l'any.<\/li>\n<li><strong>De gener a mar\u00e7 \u2014 la temporada dels cal\u00e7ots.<\/strong> La cal\u00e7otada continua sent el team building catal\u00e0 per excel\u00b7l\u00e8ncia.<\/li>\n<li><strong>2 de febrer \u2014 la Chandeleur.<\/strong> Creps a l'oficina: pressupost petit, efecte immediat i reconegut a l'instant com a franc\u00e8s.<\/li>\n<li><strong>Febrer \u2014 es reprenen els seminaris.<\/strong> El primer pic real de l'any, abans de Setmana Santa.<\/li>\n<li><strong>8 de mar\u00e7 \u2014 Dia Internacional de la Dona.<\/strong> Cada cop m\u00e9s empreses organitzen un moment intern aquell dia.<\/li>\n<li><strong>Del 26 al 29 de mar\u00e7 de 2027 \u2014 Setmana Santa.<\/strong> Setmana fluixa per a les empreses, pic per a particulars i vil\u00b7les llogades.<\/li>\n<\/ul>\n\n<h2>Primavera: d'abril a juny<\/h2>\n\n<ul>\n<li><strong>23 d'abril \u2014 Sant Jordi.<\/strong> El llibre i la rosa. Moltes empreses catalanes ofereixen un moment als seus equips aquell dia; \u00e9s una de les dates m\u00e9s consensuades de l'any.<\/li>\n<li><strong>Abril \u2014 s'obre la temporada de x\u00e0rter.<\/strong> Les primeres sortides al mar i els primers aperitius a bord.<\/li>\n<li><strong>2 de maig de 2027 \u2014 Dia de la Mare.<\/strong> El primer diumenge de maig a Espanya.<\/li>\n<li><strong>30 de maig de 2027 \u2014 el Dia de la Mare franc\u00e8s.<\/strong> Quatre setmanes despr\u00e9s. La comunitat francesa de Barcelona ho celebra en la seva data, no en la del pa\u00eds d'acollida: s\u00f3n dues ocasions diferents, no una.<\/li>\n<li><strong>Maig \u2014 els incentius.<\/strong> El pic de seminaris i team buildings abans de l'estiu.<\/li>\n<li><strong>23 i 24 de juny \u2014 la Revetlla de Sant Joan.<\/strong> La nit m\u00e9s celebrada de l'any a Barcelona: fogueres, coca de Sant Joan, cava i platja.<\/li>\n<li><strong>Juny \u2014 tancaments i comiats.<\/strong> Final del curs escolar i sovint de l'exercici: els equips se separen per a l'estiu.<\/li>\n<\/ul>\n\n<h2>Estiu: juliol i agost<\/h2>\n\n<p>La barreja s'inverteix del tot. Les oficines es buiden, els vaixells i les vil\u00b7les s'omplen.<\/p>\n\n<ul>\n<li><strong>14 de juliol.<\/strong> La comunitat francesa i les institucions instal\u00b7lades a Barcelona marquen la data.<\/li>\n<li><strong>Juliol i agost \u2014 plena temporada n\u00e0utica.<\/strong> Les peticions arriben amb 48 hores de marge, i els caps de setmana marxen primer.<\/li>\n<li><strong>\u00daltima setmana d'agost \u2014 la preparaci\u00f3 de la tornada.<\/strong> El cicle torna a comen\u00e7ar.<\/li>\n<\/ul>\n\n<h2>Els cinc desfasaments que m\u00e9s s'escapen a les empreses<\/h2>\n\n<p>No s\u00f3n les grans dates les que donen problemes, s\u00f3n els desfasaments entre les dues cultures que conviuen aqu\u00ed.<\/p>\n\n<ol>\n<li><strong>El Dia de la Mare cau dues vegades<\/strong>, amb quatre setmanes de difer\u00e8ncia. Un equip mixt francoespanyol viu les dues.<\/li>\n<li><strong>L'Epifania no dura el mateix.<\/strong> Un dia del costat catal\u00e0, un mes sencer del costat franc\u00e8s.<\/li>\n<li><strong>L'agost est\u00e0 realment mort en B2B<\/strong> a Barcelona, molt m\u00e9s que a Fran\u00e7a. El que no estigui tancat a finals de juliol esperar\u00e0 al setembre.<\/li>\n<li><strong>La Setmana Santa es mou cada any<\/strong> i s'end\u00fa una setmana sencera. El 2027 cau a finals de mar\u00e7, una setmana abans que el 2026.<\/li>\n<li><strong>Els ponts catalans no s\u00f3n els francesos.<\/strong> La Diada, La Merc\u00e8 i Sant Joan no figuren en cap calendari de seu parisenca.<\/li>\n<\/ol>\n\n<h2>Amb quanta antelaci\u00f3 moure's<\/h2>\n\n<table>\n<thead><tr><th>El que organitzeu<\/th><th>Quan moure's<\/th><\/tr><\/thead>\n<tbody>\n<tr><td>Festa de fi d'any<\/td><td>Setembre o octubre<\/td><\/tr>\n<tr><td>C\u00e0tering d'estand en una fira<\/td><td>D'una a dues setmanes, abans per a la log\u00edstica d'acc\u00e9s<\/td><\/tr>\n<tr><td>Seminari o convenci\u00f3 de diversos dies<\/td><td>Un mes<\/td><\/tr>\n<tr><td>Esmorzar o pausa caf\u00e8<\/td><td>48 hores<\/td><\/tr>\n<tr><td>Sortida en vaixell amb c\u00e0tering<\/td><td>48 hores<\/td><\/tr>\n<tr><td>Aprovisionament per a una navegaci\u00f3<\/td><td>Dues setmanes, el temps de construir el pla d'\u00e0pats<\/td><\/tr>\n<\/tbody>\n<\/table>\n\n<p>En tots els casos, un pressupost surt de la nostra oficina en 48 hores laborables. El que triga mai \u00e9s el c\u00e0lcul: \u00e9s trobar una data que encara sigui lliure.<\/p>\n\n<h2>Per anar m\u00e9s lluny<\/h2>\n\n<p>Segons el que prepareu: el <a href=\"https:\/\/www.pocapots.es\/ca\/catering-dempresa-a-barcelona\/\">c\u00e0tering d'empresa<\/a> per a seminaris i c\u00f2ctels de negocis, el <a href=\"https:\/\/www.pocapots.es\/ca\/sopar-empresa-nadal-barcelona\/\">sopar de fi d'any<\/a>, el <a href=\"https:\/\/www.pocapots.es\/ca\/esmorzars-empresa-barcelona\/\">esmorzar d'empresa<\/a> per obrir una jornada, el <a href=\"https:\/\/www.pocapots.es\/ca\/catering-extern-fira-barcelona\/\">c\u00e0tering extern a Fira Barcelona<\/a> per a la temporada de fires, i el <a href=\"https:\/\/www.pocapots.es\/ca\/catering-per-a-iots-barcelona\/\">yachting<\/a> per a tot el que flota.<\/p>\n\n<p><em>Dates de fires comprovades al calendari oficial de Fira Barcelona el juliol de 2026; festes m\u00f2bils calculades per al 2026 i el 2027. Els programes canvien: comproveu sempre amb l'organitzador abans de comprometre un pressupost.<\/em><\/p>","protected":false},"excerpt":{"rendered":"<p>\u00c0 Barcelone, la saison \u00e9v\u00e9nementielle ne se joue pas au moment de l&rsquo;\u00e9v\u00e9nement : elle se joue trois mois avant. Une soir\u00e9e de d\u00e9cembre se r\u00e9serve en septembre, un contrat charter se signe au salon nautique d&rsquo;octobre pour la saison suivante, et une galette d&rsquo;\u00e9quipe se commande le 10 d\u00e9cembre. Voici les dates qui structurent [&#8230;]\n","protected":false},"author":39,"featured_media":7117,"comment_status":"","ping_status":"","sticky":false,"template":"","format":"standard","meta":{"rank_math_title":"Calendrier des \u00e9v\u00e9nements d'entreprise \u00e0 Barcelone 2026-2027","rank_math_description":"Salons de la Fira, f\u00eates catalanes et fran\u00e7aises, soir\u00e9es de fin d'ann\u00e9e : les dates qui structurent la saison \u00e9v\u00e9nementielle \u00e0 Barcelone et quand s'y prendre.","rank_math_focus_keyword":"","rank_math_robots":"","rank_math_canonical_url":"","rank_math_facebook_title":"","rank_math_facebook_description":"","_joinchat":[],"footnotes":""},"categories":[289],"tags":[],"class_list":["post-7194","post","type-post","status-publish","format-standard","has-post-thumbnail","hentry","category-evenements-entreprise"],"_links":{"self":[{"href":"https:\/\/www.pocapots.es\/ca\/wp-json\/wp\/v2\/posts\/7194","targetHints":{"allow":["GET"]}}],"collection":[{"href":"https:\/\/www.pocapots.es\/ca\/wp-json\/wp\/v2\/posts"}],"about":[{"href":"https:\/\/www.pocapots.es\/ca\/wp-json\/wp\/v2\/types\/post"}],"author":[{"embeddable":true,"href":"https:\/\/www.pocapots.es\/ca\/wp-json\/wp\/v2\/users\/39"}],"replies":[{"embeddable":true,"href":"https:\/\/www.pocapots.es\/ca\/wp-json\/wp\/v2\/comments?post=7194"}],"version-history":[{"count":0,"href":"https:\/\/www.pocapots.es\/ca\/wp-json\/wp\/v2\/posts\/7194\/revisions"}],"wp:featuredmedia":[{"embeddable":true,"href":"https:\/\/www.pocapots.es\/ca\/wp-json\/wp\/v2\/media\/7117"}],"wp:attachment":[{"href":"https:\/\/www.pocapots.es\/ca\/wp-json\/wp\/v2\/media?parent=7194"}],"wp:term":[{"taxonomy":"category","embeddable":true,"href":"https:\/\/www.pocapots.es\/ca\/wp-json\/wp\/v2\/categories?post=7194"},{"taxonomy":"post_tag","embeddable":true,"href":"https:\/\/www.pocapots.es\/ca\/wp-json\/wp\/v2\/tags?post=7194"}],"curies":[{"name":"wp","href":"https:\/\/api.w.org\/{rel}","templated":true}]}}